{"id":4284,"date":"2020-06-09T09:02:27","date_gmt":"2020-06-09T07:02:27","guid":{"rendered":"https:\/\/www.kanopee-village.com\/?p=4284"},"modified":"2025-01-24T15:56:41","modified_gmt":"2025-01-24T14:56:41","slug":"fete-des-lumieres-lyon","status":"publish","type":"post","link":"https:\/\/www.kanopee-village.com\/fr\/evenements-lyon\/fete-des-lumieres-lyon\/","title":{"rendered":"La F\u00eate des Lumi\u00e8res Lyon"},"content":{"rendered":"\n<p>Embl\u00e9matique de Lyon, la <strong class=\"bold color1\">f\u00eate des Lumi\u00e8res <\/strong>transforme chaque ann\u00e9e les rues de la ville en d\u00e9cor f\u00e9erique. Un rendez-vous incontournable qui fait <strong class=\"bold color1\">r\u00eaver petits et grands<\/strong> si vous \u00eates en vacances dans notre <a href=\"\/fr\/\">camping \u00e0 Tr\u00e9voux dans l&rsquo;Ain<\/a> au mois de d\u00e9cembre.<\/p>\n\n\n\n<figure class=\"wp-block-image size-large\"><img decoding=\"async\" width=\"1024\" height=\"350\" src=\"https:\/\/www.kanopee-village.com\/wp-content\/uploads\/2020\/06\/fetes-des-lumiere-evenement.jpg\" alt=\"fetes des lumi\u00e8re \u00e9v\u00e9nement\" class=\"wp-image-4298\" srcset=\"https:\/\/www.kanopee-village.com\/wp-content\/uploads\/2020\/06\/fetes-des-lumiere-evenement.jpg 1024w, https:\/\/www.kanopee-village.com\/wp-content\/uploads\/2020\/06\/fetes-des-lumiere-evenement-300x103.jpg 300w, https:\/\/www.kanopee-village.com\/wp-content\/uploads\/2020\/06\/fetes-des-lumiere-evenement-768x263.jpg 768w, https:\/\/www.kanopee-village.com\/wp-content\/uploads\/2020\/06\/fetes-des-lumiere-evenement-100x34.jpg 100w\" sizes=\"(max-width: 1024px) 100vw, 1024px\" \/><\/figure>\n\n\n\n<h2 class=\"wp-block-heading section-title center decoration\">L\u2019histoire de la f\u00eate des Lumi\u00e8res<\/h2>\n\n\n\n<p>Rendez-vous historique \u00e0 Lyon, le <a href=\"https:\/\/www.fetedeslumieres.lyon.fr\/fr\" target=\"_blank\" rel=\"noopener noreferrer\">f\u00eate des Lumi\u00e8res<\/a> est n\u00e9e le 8 d\u00e9cembre 1852, lorsque les habitants de la ville d\u00e9cid\u00e8rent de mani\u00e8re <strong class=\"bold color1\">coll\u00e9giale et spontan\u00e9e de f\u00eater Marie<\/strong> : l\u2019inauguration de la statue de la Vierge sur le clocher de la chapelle de Fourvi\u00e8re venait d\u2019\u00eatre pour la deuxi\u00e8me fois repouss\u00e9e en raison des conditions m\u00e9t\u00e9orologiques. La f\u00eate a \u00e9t\u00e9 depuis reconduite chaque ann\u00e9e \u00e0 la m\u00eame date, tous les habitants \u00e9tant invit\u00e9s \u00e0 <strong class=\"bold color1\">illuminer leurs fen\u00eatres de lumignons<\/strong>. C\u2019est \u00e0 la fin des ann\u00e9es 80 que la municipalit\u00e9 commence \u00e0 accompagner les festivit\u00e9s populaires par une mise en <strong class=\"bold color1\">lumi\u00e8re des monuments de la ville<\/strong>. \u00c0 la fin des ann\u00e9es 90 s\u2019ajout\u00e8rent des spectacles, des animations et des d\u00e9ambulations. La f\u00eate des Lumi\u00e8res fut \u00e9galement \u00e9tendue \u00e0 4 jours \u00e0 partir de 1999. Tous les quartiers historiques de la ville sont depuis anim\u00e9s de sc\u00e9nographies, d\u2019\u0153uvres d\u2019art \u00e9ph\u00e9m\u00e8res et de d\u00e9fil\u00e9s f\u00e9eriques. Aujourd\u2019hui, avec ses millions de visiteurs venus de tous pays, elle est l\u2019un des plus <strong class=\"bold color1\">importants rassemblements festifs du monde<\/strong>. <\/p>\n\n\n\n<figure class=\"wp-block-image size-large\"><img decoding=\"async\" width=\"1024\" height=\"350\" src=\"https:\/\/www.kanopee-village.com\/wp-content\/uploads\/2020\/06\/decouvrez-fetes-lumieres-lyon.jpg\" alt=\"d\u00e9couvrez fetes lumi\u00e8res lyon\" class=\"wp-image-4294\" srcset=\"https:\/\/www.kanopee-village.com\/wp-content\/uploads\/2020\/06\/decouvrez-fetes-lumieres-lyon.jpg 1024w, https:\/\/www.kanopee-village.com\/wp-content\/uploads\/2020\/06\/decouvrez-fetes-lumieres-lyon-300x103.jpg 300w, https:\/\/www.kanopee-village.com\/wp-content\/uploads\/2020\/06\/decouvrez-fetes-lumieres-lyon-768x263.jpg 768w, https:\/\/www.kanopee-village.com\/wp-content\/uploads\/2020\/06\/decouvrez-fetes-lumieres-lyon-100x34.jpg 100w\" sizes=\"(max-width: 1024px) 100vw, 1024px\" \/><\/figure>\n\n\n\n<h2 class=\"wp-block-heading section-title center decoration\">Ce que l\u2019on peut voir lors de la f\u00eate des Lumi\u00e8res<\/h2>\n\n\n\n<p>La f\u00eate des Lumi\u00e8res est chaque ann\u00e9e l\u2019occasion de voir se conjuguer <strong class=\"bold color1\">liesse populaire et art contemporain<\/strong>, \u00e0 travers de joyeux d\u00e9fil\u00e9s et des cr\u00e9ations uniques. Plusieurs <strong class=\"bold color1\">dizaines de monuments lyonnais<\/strong> sont mis en lumi\u00e8re par des artistes prestigieux. Des parcours dans la ville permettent d\u2019admirer chaque soir du festival ces installations f\u00e9eriques. Des itin\u00e9raires de diff\u00e9rentes distances sont propos\u00e9s et balis\u00e9s pour les visiteurs, de moins de 2 km \u00e0 pr\u00e8s de 4 km. D\u00e8s la nuit tomb\u00e9e, chaque installation offre un <strong class=\"bold color1\">spectacle unique et po\u00e9tique<\/strong> dans tous les quartiers historiques de la ville. Le programme de la f\u00eate des Lumi\u00e8res comprend aussi des d\u00e9ambulations et l\u2019allumage traditionnel de lumignons. L\u2019achat de lumignons du c\u0153ur permet aux visiteurs de <strong class=\"bold color1\">participer activement aux festivit\u00e9s tout en soutenant des associations caritatives<\/strong>. \u00c0 l\u2019issue du festival, le prix de la <a href=\"\/fr\/lyon\/\">ville de Lyon<\/a> r\u00e9compense les clich\u00e9s les plus beaux ou les plus insolites immortalis\u00e9s durant la f\u00eate.<\/p>\n\n\n\n<figure class=\"wp-block-image size-large\"><img decoding=\"async\" width=\"1024\" height=\"350\" src=\"https:\/\/www.kanopee-village.com\/wp-content\/uploads\/2020\/06\/visite-lyon-fetes-lumiere.jpg\" alt=\"visite lyon fetes lumi\u00e8re\" class=\"wp-image-4302\" srcset=\"https:\/\/www.kanopee-village.com\/wp-content\/uploads\/2020\/06\/visite-lyon-fetes-lumiere.jpg 1024w, https:\/\/www.kanopee-village.com\/wp-content\/uploads\/2020\/06\/visite-lyon-fetes-lumiere-300x103.jpg 300w, https:\/\/www.kanopee-village.com\/wp-content\/uploads\/2020\/06\/visite-lyon-fetes-lumiere-768x263.jpg 768w, https:\/\/www.kanopee-village.com\/wp-content\/uploads\/2020\/06\/visite-lyon-fetes-lumiere-100x34.jpg 100w\" sizes=\"(max-width: 1024px) 100vw, 1024px\" \/><\/figure>\n\n\n\n<h2 class=\"wp-block-heading section-title center decoration\">Informations g\u00e9n\u00e9rales sur la f\u00eate des Lumi\u00e8res<\/h2>\n\n\n\n<p>La f\u00eate des Lumi\u00e8res doit notamment son succ\u00e8s au fait d\u2019\u00eatre tout \u00e0 la fois un <strong class=\"bold color1\">prestigieux rendez-vous artistique<\/strong> et un <strong class=\"bold color1\">rassemblement populaire de longue tradition<\/strong>. Elle a pour atout d\u2019\u00eatre enti\u00e8rement libre et gratuite, ouverte \u00e0 tous. Depuis le <a href=\"\/fr\/camping-lyon\/\">camping Lyon<\/a>, le centre ville est accessible en moins de 35 minutes : une occasion \u00e0 ne pas rater pour profiter de la f\u00eate durant plusieurs jours si vous le souhaitez. Les festivit\u00e9s se d\u00e9roulent <strong class=\"bold color1\">chaque ann\u00e9e du 5 au 8 d\u00e9cembre<\/strong>. Les transports en commun vous facilitent l\u2019acc\u00e8s aux illuminations, avec un pass \u00e0 3,10 euros pour les soirs des 5, 6 et 7 d\u00e9cembre \u00e0 partir de 16 heures, et avec un acc\u00e8s enti\u00e8rement gratuit \u00e0 l\u2019ensemble du r\u00e9seau pour la soir\u00e9e de cl\u00f4ture du 8 d\u00e9cembre, d\u00e8s 16 heures \u00e9galement et jusqu\u2019\u00e0 la fin du service. L\u2019id\u00e9al, depuis le camping Kanop\u00e9e, est donc de stationner votre v\u00e9hicule sur un parking relais TCL pour ensuite vous d\u00e9placer en transports en commun. Durant les 4 jours de festivit\u00e9s, le <strong class=\"bold color1\">centre-ville est enti\u00e8rement pi\u00e9ton<\/strong> en fin de journ\u00e9e et en soir\u00e9e.<\/p>\n\n\n\n<p><\/p>\n","protected":false},"excerpt":{"rendered":"<p>Embl\u00e9matique de Lyon, la f\u00eate des Lumi\u00e8res transforme chaque ann\u00e9e les rues de la ville en d\u00e9cor f\u00e9erique. Un rendez-vous incontournable qui fait r\u00eaver petits et grands si vous \u00eates en vacances dans notre camping \u00e0 Tr\u00e9voux dans l&rsquo;Ain au mois de d\u00e9cembre. L\u2019histoire de la f\u00eate des Lumi\u00e8res Rendez-vous historique \u00e0 Lyon, le f\u00eate [&hellip;]<\/p>\n","protected":false},"author":1,"featured_media":4286,"comment_status":"closed","ping_status":"closed","sticky":false,"template":"","format":"standard","meta":{"_acf_changed":false,"footnotes":""},"categories":[25],"tags":[],"class_list":["post-4284","post","type-post","status-publish","format-standard","has-post-thumbnail","hentry","category-evenements-lyon"],"acf":[],"yoast_head":"<!-- This site is optimized with the Yoast SEO plugin v25.3 - https:\/\/yoast.com\/wordpress\/plugins\/seo\/ -->\n<title>F\u00eates des lumi\u00e8res Lyon | Programme f\u00eates des lumi\u00e8res Lyon 2020 (69)<\/title>\n<meta name=\"robots\" content=\"index, follow, max-snippet:-1, max-image-preview:large, max-video-preview:-1\" \/>\n<link rel=\"canonical\" href=\"https:\/\/www.kanopee-village.com\/fr\/evenements-lyon\/fete-des-lumieres-lyon\/\" \/>\n<meta property=\"og:locale\" content=\"fr_FR\" \/>\n<meta property=\"og:type\" content=\"article\" \/>\n<meta property=\"og:title\" content=\"F\u00eates des lumi\u00e8res Lyon | Programme f\u00eates des lumi\u00e8res Lyon 2020 (69)\" \/>\n<meta property=\"og:description\" content=\"Embl\u00e9matique de Lyon, la f\u00eate des Lumi\u00e8res transforme chaque ann\u00e9e les rues de la ville en d\u00e9cor f\u00e9erique. Un rendez-vous incontournable qui fait r\u00eaver petits et grands si vous \u00eates en vacances dans notre camping \u00e0 Tr\u00e9voux dans l&rsquo;Ain au mois de d\u00e9cembre. L\u2019histoire de la f\u00eate des Lumi\u00e8res Rendez-vous historique \u00e0 Lyon, le f\u00eate [&hellip;]\" \/>\n<meta property=\"og:url\" content=\"https:\/\/www.kanopee-village.com\/fr\/evenements-lyon\/fete-des-lumieres-lyon\/\" \/>\n<meta property=\"og:site_name\" content=\"Kanopee Village\" \/>\n<meta property=\"article:published_time\" content=\"2020-06-09T07:02:27+00:00\" \/>\n<meta property=\"article:modified_time\" content=\"2025-01-24T14:56:41+00:00\" \/>\n<meta property=\"og:image\" content=\"https:\/\/www.kanopee-village.com\/wp-content\/uploads\/2020\/06\/evenement-fetes-lumiere-lyon.jpg\" \/>\n\t<meta property=\"og:image:width\" content=\"1903\" \/>\n\t<meta property=\"og:image:height\" content=\"500\" \/>\n\t<meta property=\"og:image:type\" content=\"image\/jpeg\" \/>\n<meta name=\"author\" content=\"@dmin64\" \/>\n<meta name=\"twitter:card\" content=\"summary_large_image\" \/>\n<meta name=\"twitter:label1\" content=\"\u00c9crit par\" \/>\n\t<meta name=\"twitter:data1\" content=\"@dmin64\" \/>\n\t<meta name=\"twitter:label2\" content=\"Dur\u00e9e de lecture estim\u00e9e\" \/>\n\t<meta name=\"twitter:data2\" content=\"4 minutes\" \/>\n<script type=\"application\/ld+json\" class=\"yoast-schema-graph\">{\"@context\":\"https:\/\/schema.org\",\"@graph\":[{\"@type\":\"WebPage\",\"@id\":\"https:\/\/www.kanopee-village.com\/fr\/evenements-lyon\/fete-des-lumieres-lyon\/\",\"url\":\"https:\/\/www.kanopee-village.com\/fr\/evenements-lyon\/fete-des-lumieres-lyon\/\",\"name\":\"F\u00eates des lumi\u00e8res Lyon | Programme f\u00eates des lumi\u00e8res Lyon 2020 (69)\",\"isPartOf\":{\"@id\":\"https:\/\/www.kanopee-village.com\/fr\/#website\"},\"primaryImageOfPage\":{\"@id\":\"https:\/\/www.kanopee-village.com\/fr\/evenements-lyon\/fete-des-lumieres-lyon\/#primaryimage\"},\"image\":{\"@id\":\"https:\/\/www.kanopee-village.com\/fr\/evenements-lyon\/fete-des-lumieres-lyon\/#primaryimage\"},\"thumbnailUrl\":\"https:\/\/www.kanopee-village.com\/wp-content\/uploads\/2020\/06\/evenement-fetes-lumiere-lyon.jpg\",\"datePublished\":\"2020-06-09T07:02:27+00:00\",\"dateModified\":\"2025-01-24T14:56:41+00:00\",\"author\":{\"@id\":\"https:\/\/www.kanopee-village.com\/fr\/#\/schema\/person\/9aa422d03ca2aaf9d21c2fcb70862d18\"},\"breadcrumb\":{\"@id\":\"https:\/\/www.kanopee-village.com\/fr\/evenements-lyon\/fete-des-lumieres-lyon\/#breadcrumb\"},\"inLanguage\":\"fr-FR\",\"potentialAction\":[{\"@type\":\"ReadAction\",\"target\":[\"https:\/\/www.kanopee-village.com\/fr\/evenements-lyon\/fete-des-lumieres-lyon\/\"]}]},{\"@type\":\"ImageObject\",\"inLanguage\":\"fr-FR\",\"@id\":\"https:\/\/www.kanopee-village.com\/fr\/evenements-lyon\/fete-des-lumieres-lyon\/#primaryimage\",\"url\":\"https:\/\/www.kanopee-village.com\/wp-content\/uploads\/2020\/06\/evenement-fetes-lumiere-lyon.jpg\",\"contentUrl\":\"https:\/\/www.kanopee-village.com\/wp-content\/uploads\/2020\/06\/evenement-fetes-lumiere-lyon.jpg\",\"width\":1903,\"height\":500,\"caption\":\"\u00e9v\u00e9nement fetes lumi\u00e8re lyon\"},{\"@type\":\"BreadcrumbList\",\"@id\":\"https:\/\/www.kanopee-village.com\/fr\/evenements-lyon\/fete-des-lumieres-lyon\/#breadcrumb\",\"itemListElement\":[{\"@type\":\"ListItem\",\"position\":1,\"name\":\"Camping \u00e0 Tr\u00e9voux Ain\",\"item\":\"https:\/\/www.kanopee-village.com\/fr\/\"},{\"@type\":\"ListItem\",\"position\":2,\"name\":\"\u00c9v\u00e9nements Lyon\",\"item\":\"https:\/\/www.kanopee-village.com\/fr\/.\/evenements-lyon\/\"},{\"@type\":\"ListItem\",\"position\":3,\"name\":\"F\u00eates des lumi\u00e8res de Lyon\"}]},{\"@type\":\"WebSite\",\"@id\":\"https:\/\/www.kanopee-village.com\/fr\/#website\",\"url\":\"https:\/\/www.kanopee-village.com\/fr\/\",\"name\":\"Kanopee Village\",\"description\":\"\",\"inLanguage\":\"fr-FR\"},{\"@type\":\"Person\",\"@id\":\"https:\/\/www.kanopee-village.com\/fr\/#\/schema\/person\/9aa422d03ca2aaf9d21c2fcb70862d18\",\"name\":\"@dmin64\",\"image\":{\"@type\":\"ImageObject\",\"inLanguage\":\"fr-FR\",\"@id\":\"https:\/\/www.kanopee-village.com\/fr\/#\/schema\/person\/image\/\",\"url\":\"https:\/\/secure.gravatar.com\/avatar\/b394e2a30fb6847809693d5b3d93e6c8?s=96&d=mm&r=g\",\"contentUrl\":\"https:\/\/secure.gravatar.com\/avatar\/b394e2a30fb6847809693d5b3d93e6c8?s=96&d=mm&r=g\",\"caption\":\"@dmin64\"}}]}<\/script>\n<!-- \/ Yoast SEO plugin. -->","yoast_head_json":{"title":"F\u00eates des lumi\u00e8res Lyon | Programme f\u00eates des lumi\u00e8res Lyon 2020 (69)","robots":{"index":"index","follow":"follow","max-snippet":"max-snippet:-1","max-image-preview":"max-image-preview:large","max-video-preview":"max-video-preview:-1"},"canonical":"https:\/\/www.kanopee-village.com\/fr\/evenements-lyon\/fete-des-lumieres-lyon\/","og_locale":"fr_FR","og_type":"article","og_title":"F\u00eates des lumi\u00e8res Lyon | Programme f\u00eates des lumi\u00e8res Lyon 2020 (69)","og_description":"Embl\u00e9matique de Lyon, la f\u00eate des Lumi\u00e8res transforme chaque ann\u00e9e les rues de la ville en d\u00e9cor f\u00e9erique. Un rendez-vous incontournable qui fait r\u00eaver petits et grands si vous \u00eates en vacances dans notre camping \u00e0 Tr\u00e9voux dans l&rsquo;Ain au mois de d\u00e9cembre. L\u2019histoire de la f\u00eate des Lumi\u00e8res Rendez-vous historique \u00e0 Lyon, le f\u00eate [&hellip;]","og_url":"https:\/\/www.kanopee-village.com\/fr\/evenements-lyon\/fete-des-lumieres-lyon\/","og_site_name":"Kanopee Village","article_published_time":"2020-06-09T07:02:27+00:00","article_modified_time":"2025-01-24T14:56:41+00:00","og_image":[{"width":1903,"height":500,"url":"https:\/\/www.kanopee-village.com\/wp-content\/uploads\/2020\/06\/evenement-fetes-lumiere-lyon.jpg","type":"image\/jpeg"}],"author":"@dmin64","twitter_card":"summary_large_image","twitter_misc":{"\u00c9crit par":"@dmin64","Dur\u00e9e de lecture estim\u00e9e":"4 minutes"},"schema":{"@context":"https:\/\/schema.org","@graph":[{"@type":"WebPage","@id":"https:\/\/www.kanopee-village.com\/fr\/evenements-lyon\/fete-des-lumieres-lyon\/","url":"https:\/\/www.kanopee-village.com\/fr\/evenements-lyon\/fete-des-lumieres-lyon\/","name":"F\u00eates des lumi\u00e8res Lyon | Programme f\u00eates des lumi\u00e8res Lyon 2020 (69)","isPartOf":{"@id":"https:\/\/www.kanopee-village.com\/fr\/#website"},"primaryImageOfPage":{"@id":"https:\/\/www.kanopee-village.com\/fr\/evenements-lyon\/fete-des-lumieres-lyon\/#primaryimage"},"image":{"@id":"https:\/\/www.kanopee-village.com\/fr\/evenements-lyon\/fete-des-lumieres-lyon\/#primaryimage"},"thumbnailUrl":"https:\/\/www.kanopee-village.com\/wp-content\/uploads\/2020\/06\/evenement-fetes-lumiere-lyon.jpg","datePublished":"2020-06-09T07:02:27+00:00","dateModified":"2025-01-24T14:56:41+00:00","author":{"@id":"https:\/\/www.kanopee-village.com\/fr\/#\/schema\/person\/9aa422d03ca2aaf9d21c2fcb70862d18"},"breadcrumb":{"@id":"https:\/\/www.kanopee-village.com\/fr\/evenements-lyon\/fete-des-lumieres-lyon\/#breadcrumb"},"inLanguage":"fr-FR","potentialAction":[{"@type":"ReadAction","target":["https:\/\/www.kanopee-village.com\/fr\/evenements-lyon\/fete-des-lumieres-lyon\/"]}]},{"@type":"ImageObject","inLanguage":"fr-FR","@id":"https:\/\/www.kanopee-village.com\/fr\/evenements-lyon\/fete-des-lumieres-lyon\/#primaryimage","url":"https:\/\/www.kanopee-village.com\/wp-content\/uploads\/2020\/06\/evenement-fetes-lumiere-lyon.jpg","contentUrl":"https:\/\/www.kanopee-village.com\/wp-content\/uploads\/2020\/06\/evenement-fetes-lumiere-lyon.jpg","width":1903,"height":500,"caption":"\u00e9v\u00e9nement fetes lumi\u00e8re lyon"},{"@type":"BreadcrumbList","@id":"https:\/\/www.kanopee-village.com\/fr\/evenements-lyon\/fete-des-lumieres-lyon\/#breadcrumb","itemListElement":[{"@type":"ListItem","position":1,"name":"Camping \u00e0 Tr\u00e9voux Ain","item":"https:\/\/www.kanopee-village.com\/fr\/"},{"@type":"ListItem","position":2,"name":"\u00c9v\u00e9nements Lyon","item":"https:\/\/www.kanopee-village.com\/fr\/.\/evenements-lyon\/"},{"@type":"ListItem","position":3,"name":"F\u00eates des lumi\u00e8res de Lyon"}]},{"@type":"WebSite","@id":"https:\/\/www.kanopee-village.com\/fr\/#website","url":"https:\/\/www.kanopee-village.com\/fr\/","name":"Kanopee Village","description":"","inLanguage":"fr-FR"},{"@type":"Person","@id":"https:\/\/www.kanopee-village.com\/fr\/#\/schema\/person\/9aa422d03ca2aaf9d21c2fcb70862d18","name":"@dmin64","image":{"@type":"ImageObject","inLanguage":"fr-FR","@id":"https:\/\/www.kanopee-village.com\/fr\/#\/schema\/person\/image\/","url":"https:\/\/secure.gravatar.com\/avatar\/b394e2a30fb6847809693d5b3d93e6c8?s=96&d=mm&r=g","contentUrl":"https:\/\/secure.gravatar.com\/avatar\/b394e2a30fb6847809693d5b3d93e6c8?s=96&d=mm&r=g","caption":"@dmin64"}}]}},"_links":{"self":[{"href":"https:\/\/www.kanopee-village.com\/fr\/wp-json\/wp\/v2\/posts\/4284"}],"collection":[{"href":"https:\/\/www.kanopee-village.com\/fr\/wp-json\/wp\/v2\/posts"}],"about":[{"href":"https:\/\/www.kanopee-village.com\/fr\/wp-json\/wp\/v2\/types\/post"}],"author":[{"embeddable":true,"href":"https:\/\/www.kanopee-village.com\/fr\/wp-json\/wp\/v2\/users\/1"}],"replies":[{"embeddable":true,"href":"https:\/\/www.kanopee-village.com\/fr\/wp-json\/wp\/v2\/comments?post=4284"}],"version-history":[{"count":8,"href":"https:\/\/www.kanopee-village.com\/fr\/wp-json\/wp\/v2\/posts\/4284\/revisions"}],"predecessor-version":[{"id":6625,"href":"https:\/\/www.kanopee-village.com\/fr\/wp-json\/wp\/v2\/posts\/4284\/revisions\/6625"}],"wp:featuredmedia":[{"embeddable":true,"href":"https:\/\/www.kanopee-village.com\/fr\/wp-json\/wp\/v2\/media\/4286"}],"wp:attachment":[{"href":"https:\/\/www.kanopee-village.com\/fr\/wp-json\/wp\/v2\/media?parent=4284"}],"wp:term":[{"taxonomy":"category","embeddable":true,"href":"https:\/\/www.kanopee-village.com\/fr\/wp-json\/wp\/v2\/categories?post=4284"},{"taxonomy":"post_tag","embeddable":true,"href":"https:\/\/www.kanopee-village.com\/fr\/wp-json\/wp\/v2\/tags?post=4284"}],"curies":[{"name":"wp","href":"https:\/\/api.w.org\/{rel}","templated":true}]}}