{"id":7444,"date":"2025-12-01T09:41:32","date_gmt":"2025-12-01T08:41:32","guid":{"rendered":"https:\/\/www.kanopee-village.com\/?p=7444"},"modified":"2026-04-08T11:36:55","modified_gmt":"2026-04-08T09:36:55","slug":"velo","status":"publish","type":"post","link":"https:\/\/www.kanopee-village.com\/fr\/tourisme-ain\/velo\/","title":{"rendered":"L&rsquo;Ain \u00e0 v\u00e9lo : nature, patrimoine, \u00e9vasion"},"content":{"rendered":"\n<p>Vous r\u00eavez d&rsquo;\u00e9vasion sur deux roues au c\u0153ur d&rsquo;une nature pr\u00e9serv\u00e9e ? L&rsquo;Ain d\u00e9ploie ses paysages verdoyants entre for\u00eats, rivi\u00e8res et patrimoine authentique. Cette destination id\u00e9ale pour les cyclistes se d\u00e9couvre depuis notre <a href=\"https:\/\/www.kanopee-village.com\/fr\/\">camping dans l\u2019Ain<\/a>, Kan\u00f4p\u00e9e Village, votre camp de base parfait \u00e0 Tr\u00e9voux. Pr\u00eat \u00e0 enfourcher votre v\u00e9lo et \u00e0 d\u00e9couvrir l&rsquo;<strong>Ain \u00e0 v\u00e9lo<\/strong> ? Pr\u00e9parez votre casque v\u00e9lo, gonflez vos pneus : les plus belles balades vous attendent !<\/p>\n\n\n\n<h2 class=\"wp-block-heading section-title center decoration\"><strong>Circuits et services pour le v\u00e9lo dans l&rsquo;Ain<\/strong><\/h2>\n\n\n\n<table style=\"border-collapse: collapse; width: 100%; text-align: left; border: 1px solid #000;\">\n<tbody>\n<tr>\n<td style=\"border: 1px solid #000; padding: 8px; background-color: #f2f2f2;\"><strong>Type<\/strong><\/td>\n<td style=\"border: 1px solid #000; padding: 8px; background-color: #f2f2f2;\"><strong>Nom<\/strong><\/td>\n<td style=\"border: 1px solid #000; padding: 8px; background-color: #f2f2f2;\"><strong>D\u00e9part\/Localisation<\/strong><\/td>\n<td style=\"border: 1px solid #000; padding: 8px; background-color: #f2f2f2;\"><strong>Distance\/D\u00e9tails<\/strong><\/td>\n<\/tr>\n<tr>\n<td rowspan=\"5\" style=\"border: 1px solid #000; padding: 8px; vertical-align: top;\"><strong>Circuit<\/strong><\/td>\n<td style=\"border: 1px solid #000; padding: 8px;\">La Voie Bleue (V50)<\/td>\n<td style=\"border: 1px solid #000; padding: 8px;\">Tr\u00e9voux<\/td>\n<td style=\"border: 1px solid #000; padding: 8px;\">31 \u00e0 33 km (aller simple)<\/td>\n<\/tr>\n<tr>\n<td style=\"border: 1px solid #000; padding: 8px;\">L&rsquo;Escampette<\/td>\n<td style=\"border: 1px solid #000; padding: 8px;\">Tr\u00e9voux (vers La Voie Bleue \/ ViaRh\u00f4na)<\/td>\n<td style=\"border: 1px solid #000; padding: 8px;\">145 km (itin\u00e9raire complet), boucles modulables de 54 \u00e0 182 km<\/td>\n<\/tr>\n<tr>\n<td style=\"border: 1px solid #000; padding: 8px;\">Circuit Petites Histoires \u00e0 v\u00e9lo<\/td>\n<td style=\"border: 1px solid #000; padding: 8px;\">Sous la Passerelle de Tr\u00e9voux<\/td>\n<td style=\"border: 1px solid #000; padding: 8px;\">21 km (boucle), 12 points d&rsquo;int\u00e9r\u00eat<\/td>\n<\/tr>\n<tr>\n<td style=\"border: 1px solid #000; padding: 8px;\">Jeu de piste \u00e0 v\u00e9lo pour enfants<\/td>\n<td style=\"border: 1px solid #000; padding: 8px;\">Office de Tourisme Ars Tr\u00e9voux<\/td>\n<td style=\"border: 1px solid #000; padding: 8px;\">10 km (boucle), \u00e9nigmes et mot myst\u00e8re<\/td>\n<\/tr>\n<tr>\n<td style=\"border: 1px solid #000; padding: 8px;\">CycloDombes<\/td>\n<td style=\"border: 1px solid #000; padding: 8px;\">Ch\u00e2tillon-sur-Chalaronne (\u00e0 29 km)<\/td>\n<td style=\"border: 1px solid #000; padding: 8px;\">36 km (boucle), Observatoire ornithologique<\/td>\n<\/tr>\n<tr>\n<td rowspan=\"4\" style=\"border: 1px solid #000; padding: 8px; vertical-align: top;\"><strong>Prestataire<\/strong><\/td>\n<td style=\"border: 1px solid #000; padding: 8px;\">Kan\u00f4p\u00e9e Village<\/td>\n<td style=\"border: 1px solid #000; padding: 8px;\">Sur place (Tr\u00e9voux)<\/td>\n<td style=\"border: 1px solid #000; padding: 8px;\">(service sur place)<\/td>\n<\/tr>\n<tr>\n<td style=\"border: 1px solid #000; padding: 8px;\">La Roue Libre (Caf\u00e9-v\u00e9lo)<\/td>\n<td style=\"border: 1px solid #000; padding: 8px;\">Tr\u00e9voux<\/td>\n<td style=\"border: 1px solid #000; padding: 8px;\">V\u00e9lo adulte (15 \u20ac\/jour), VAE (30 \u20ac\/jour), v\u00e9lo enfant (15 \u20ac\/jour)<\/td>\n<\/tr>\n<tr>\n<td style=\"border: 1px solid #000; padding: 8px;\">Les Locations Des Dombes<\/td>\n<td style=\"border: 1px solid #000; padding: 8px;\">Villars-les-Dombes (\u00e0 23 km)<\/td>\n<td style=\"border: 1px solid #000; padding: 8px;\">V\u00e9los musculaires (20 \u20ac\/jour), VAE (35 \u20ac\/jour)<\/td>\n<\/tr>\n<tr>\n<td style=\"border: 1px solid #000; padding: 8px;\">V\u00e9lo Via Dor\u00e9es<\/td>\n<td style=\"border: 1px solid #000; padding: 8px;\">Val d&rsquo;Oingt (\u00e0 22 km)<\/td>\n<td style=\"border: 1px solid #000; padding: 8px;\">Balade des 9 clochers (d\u00e8s 50 \u20ac) \/ Grandeur Nature (d\u00e8s 60 \u20ac)<\/td>\n<\/tr>\n<\/tbody>\n<\/table>\n\n\n\n<p><\/p>\n\n\n\n<h2 class=\"wp-block-heading\"><strong>&nbsp;<\/strong>Les itin\u00e9raires v\u00e9lo dans l\u2019Ain : l&rsquo;appel du fil de l\u2019eau et de la Dombes<\/h2>\n\n\n\n<p>Le cyclotourisme dans l&rsquo;Ain jouit d&rsquo;une r\u00e9putation solide, notamment gr\u00e2ce \u00e0 son r\u00e9seau. Le d\u00e9partement totalise <strong>1361 km de pistes cyclables<\/strong>. Ainsi, vous trouverez toujours une route adapt\u00e9e \u00e0 vos envies, \u00e0 votre famille ou \u00e0 vos aspirations sportives. D\u00e9couvrez <strong>trois boucles majeures, toutes accessibles facilement depuis notre camping \u00e0 Tr\u00e9voux<\/strong>.<\/p>\n\n\n\n<figure class=\"wp-block-image size-full\"><img decoding=\"async\" width=\"1024\" height=\"350\" src=\"https:\/\/www.kanopee-village.com\/wp-content\/uploads\/2025\/12\/cyclotourisme-dans-lAin.webp\" alt=\"cyclotourisme dans l'Ain\" class=\"wp-image-7464\" srcset=\"https:\/\/www.kanopee-village.com\/wp-content\/uploads\/2025\/12\/cyclotourisme-dans-lAin.webp 1024w, https:\/\/www.kanopee-village.com\/wp-content\/uploads\/2025\/12\/cyclotourisme-dans-lAin-300x103.webp 300w, https:\/\/www.kanopee-village.com\/wp-content\/uploads\/2025\/12\/cyclotourisme-dans-lAin-768x263.webp 768w, https:\/\/www.kanopee-village.com\/wp-content\/uploads\/2025\/12\/cyclotourisme-dans-lAin-100x34.webp 100w\" sizes=\"(max-width: 1024px) 100vw, 1024px\" \/><\/figure>\n\n\n\n<p><br><\/p>\n\n\n\n<h3 class=\"wp-block-heading section-title center decoration\"><strong>La Voie bleue (V50) : le grand fil de la Sa\u00f4ne<\/strong><\/h3>\n\n\n\n<p>Si vous recherchez une balade v\u00e9lo au fil d&rsquo;eau, <strong>La Voie Bleue<\/strong> est votre destination favorite ! Notre camping Kan\u00f4p\u00e9e Village est une v\u00e9ritable halte fluviale donnant directement sur cette grande v\u00e9loroute. La V50 est un axe national majeur qui <strong>relie la Moselle \u00e0 la Sa\u00f4ne<\/strong>. Cet itin\u00e9raire convient parfaitement aux sorties en famille.<\/p>\n\n\n\n<p>Depuis Tr\u00e9voux, vous pouvez :<\/p>\n\n\n\n<ul class=\"wp-block-list\">\n<li><strong>remonter vers Thoissey<\/strong> pour une section agr\u00e9able d&rsquo;environ 33 km.<\/li>\n\n\n\n<li><strong>descendre vers le sud<\/strong> : la section Tr\u00e9voux-Lyon repr\u00e9sente environ 31 km, en longeant le fleuve jusqu&rsquo;aux portes de la M\u00e9tropole.<\/li>\n<\/ul>\n\n\n\n<p>Le parcours utilise principalement des sections s\u00e9curis\u00e9es, assurant une qui\u00e9tude maximale loin des grands axes de la France. Cette r\u00e9gion du Val de Sa\u00f4ne, aux portes de la Bourgogne-Franche-Comt\u00e9, d\u00e9voile des paysages d&rsquo;une grande s\u00e9r\u00e9nit\u00e9, loin de l&rsquo;agitation de Paris. Pour vivre pleinement l&rsquo;aventure de l&rsquo;<strong>Ain \u00e0 v\u00e9lo<\/strong>, c\u2019est le choix de l\u2019\u00e9vasion lente et contemplative.<\/p>\n\n\n\n<p><em>D\u00e9part : Tr\u00e9voux&nbsp;<\/em><\/p>\n\n\n\n<p><em>Distance : 31 \u00e0 33 km (aller simple).<\/em><\/p>\n\n\n\n<p><em>Niveau : tr\u00e8s facile, quasi voie verte sur la section de l&rsquo;Ain.<\/em><\/p>\n\n\n<div class=\"wp-block-image\">\n<figure class=\"aligncenter size-full\"><img decoding=\"async\" width=\"1024\" height=\"350\" src=\"https:\/\/www.kanopee-village.com\/wp-content\/uploads\/2025\/12\/velo-dans-lAin.webp\" alt=\"v\u00e9lo dans l\u2019Ain\" class=\"wp-image-7459\" srcset=\"https:\/\/www.kanopee-village.com\/wp-content\/uploads\/2025\/12\/velo-dans-lAin.webp 1024w, https:\/\/www.kanopee-village.com\/wp-content\/uploads\/2025\/12\/velo-dans-lAin-300x103.webp 300w, https:\/\/www.kanopee-village.com\/wp-content\/uploads\/2025\/12\/velo-dans-lAin-768x263.webp 768w, https:\/\/www.kanopee-village.com\/wp-content\/uploads\/2025\/12\/velo-dans-lAin-100x34.webp 100w\" sizes=\"(max-width: 1024px) 100vw, 1024px\" \/><\/figure><\/div>\n\n\n<p><br><\/p>\n\n\n\n<h3 class=\"wp-block-heading\">L&rsquo;Escampette : l&rsquo;Ainsolite \u00e0 v\u00e9lo entre Rh\u00f4ne et Sa\u00f4ne<\/h3>\n\n\n\n<p>Envie d&rsquo;\u00e9vasion en deux coups de p\u00e9dale ? <strong>L&rsquo;Escampette<\/strong> est un tout nouvel itin\u00e9raire cyclable de <strong>145 km<\/strong> reliant <strong>La Voie Bleue (Moselle-Sa\u00f4ne \u00e0 v\u00e9lo)<\/strong> \u00e0 la <strong>ViaRh\u00f4na<\/strong>. Ce road trip \u00e0 v\u00e9lo accessible et modulable a \u00e9t\u00e9 pens\u00e9 pour celles et ceux qui ont envie de nature, de patrimoine et de libert\u00e9.<\/p>\n\n\n\n<p>Au programme : des chemins de traverse loin des grands axes, des paysages vari\u00e9s et bucoliques entre \u00e9tangs de la Dombes, bords de Sa\u00f4ne et villages de caract\u00e8re. On p\u00e9dale au fil de l&rsquo;eau, on traverse des villages remarquables comme <strong>Tr\u00e9voux, Ars-sur-Formans, Montmerle, P\u00e9rouges<\/strong> ou encore <strong>Montluel<\/strong>, et on alterne pauses gourmandes et moments de nature.<\/p>\n\n\n\n<p>Une vingtaine de kilom\u00e8tres sont d&rsquo;ores et d\u00e9j\u00e0 am\u00e9nag\u00e9s et jalonn\u00e9s entre Tr\u00e9voux, Saint-Bernard, Ars-sur-Formans et Amb\u00e9rieux-en-Dombes. Le reste de l&rsquo;itin\u00e9raire peut s&#8217;emprunter en suivant la trace GPX t\u00e9l\u00e9chargeable. Six intercommunalit\u00e9s partenaires travaillent ensemble pour am\u00e9nager progressivement ce bel itin\u00e9raire.<\/p>\n\n\n\n<p>L&rsquo;itin\u00e9raire comporte plusieurs ramifications, permettant de moduler votre balade selon vos envies :<\/p>\n\n\n\n<ul class=\"wp-block-list\">\n<li><strong>Boucle courte (54 km, d\u00e9nivel\u00e9 289 m) :<\/strong> au d\u00e9part de Tr\u00e9voux, cette boucle familiale longe les bords de Sa\u00f4ne jusqu&rsquo;\u00e0 Montmerle, puis rejoint Ars-sur-Formans par le chemin du cur\u00e9 d&rsquo;Ars avant de revenir par le plateau. Patrimoine d&rsquo;exception au rendez-vous : ch\u00e2teau de Fl\u00e9ch\u00e8res, chapelle des Minimes \u00e0 Montmerle, basilique d&rsquo;Ars, cit\u00e9 m\u00e9di\u00e9vale de Tr\u00e9voux.<\/li>\n\n\n\n<li><strong>Grande boucle (130 km, d\u00e9nivel\u00e9 575 m) :<\/strong> depuis Lyon, cette boucle remonte jusqu&rsquo;\u00e0 Tr\u00e9voux et Saint-Bernard, s&rsquo;enfonce dans la Dombes et rejoint la ViaRh\u00f4na vers Montluel. \u00c0 deux coups de p\u00e9dale de l&rsquo;itin\u00e9raire, ne manquez pas le <strong>Parc des Oiseaux<\/strong> de Villars-les-Dombes, l&rsquo;un des plus grands parcs ornithologiques d&rsquo;Europe.<\/li>\n\n\n\n<li><strong>Boucle compl\u00e8te (182 km, d\u00e9nivel\u00e9 872 m) :<\/strong> depuis Lyon centre, cette boucle ambitieuse passe par Tr\u00e9voux, traverse la Dombes et rejoint la ViaRh\u00f4na \u00e0 Lagnieu, avec en chemin la cit\u00e9 m\u00e9di\u00e9vale de <strong>P\u00e9rouges<\/strong> et de beaux panoramas sur le Bugey et les Alpes.<\/li>\n<\/ul>\n\n\n\n<p>C\u00f4t\u00e9 papilles, ne manquez pas les guinguettes de bords de Sa\u00f4ne, les glaces artisanales bio Rimo \u00e0 Ars, le caf\u00e9-v\u00e9lo La Roue Libre \u00e0 Tr\u00e9voux ou l&rsquo;un des nombreux restaurants sur votre route.<\/p>\n\n\n\n<p><strong>D\u00e9part :<\/strong> Tr\u00e9voux (accessible depuis Lyon par La Voie Bleue).<br><strong>Distance :<\/strong> 145 km (itin\u00e9raire complet), boucles modulables de 54 \u00e0 182 km.<br><strong>Niveau :<\/strong> accessible au plus grand nombre, faible d\u00e9nivel\u00e9 sur la boucle courte.<\/p>\n\n\n\n<h3 class=\"wp-block-heading section-title center decoration\">Circuit Petites Histoires \u00e0 v\u00e9lo : Tr\u00e9voux et son patrimoine<\/h3>\n\n\n\n<p>Ce circuit propose <strong>une plong\u00e9e culturelle, parfaite pour une sortie courte en famille<\/strong> ! Il s&rsquo;agit d&rsquo;<strong>une boucle de 21 km<\/strong>, cr\u00e9\u00e9e par le Pays d&rsquo;Art et d&rsquo;Histoires Dombes Sa\u00f4ne Vall\u00e9e. Cette balade \u00e0 v\u00e9lo est jalonn\u00e9e de <strong>12 points d&rsquo;int\u00e9r\u00eat<\/strong> o\u00f9 l&rsquo;histoire locale prend vie.<\/p>\n\n\n\n<p>Ce concept moderne vous permet de <strong>flasher des QR codes sur place<\/strong> pour \u00e9couter des r\u00e9cits audio sur le patrimoine. C\u2019est une mani\u00e8re interactive et ludique de d\u00e9couvrir les vieilles pierres de la r\u00e9gion, comme <strong>le ch\u00e2teau de Fl\u00e9ch\u00e8res ou les vestiges du parlement de Dombes<\/strong>. Cette boucle courte garantit une aventure culturelle sans fatigue excessive.<\/p>\n\n\n\n<p>Rendez-vous \u00e0 l&rsquo;<strong>Office de Tourisme Ars Tr\u00e9voux<\/strong> (pendant les horaires d&rsquo;ouverture) pour vous procurer le plan du circuit, ou t\u00e9l\u00e9chargez directement la brochure et la trace GPX en ligne. Puis, direction le point de d\u00e9part : partez sur La Voie Bleue en direction de Saint-Bernard\/M\u00e2con et suivez le parcours !<\/p>\n\n\n\n<p><strong>Bon \u00e0 savoir :<\/strong> ce circuit est praticable <strong>toute l&rsquo;ann\u00e9e<\/strong>, tous les jours, et en acc\u00e8s libre. Il est pr\u00e9conis\u00e9 pour des enfants ayant l&rsquo;habitude de faire du v\u00e9lo (\u00e2ge recommand\u00e9 : 9\/10 ans).<\/p>\n\n\n\n<p><em>D\u00e9part : sous la passerelle de Tr\u00e9voux<\/em><\/p>\n\n\n\n<p><em>Distance : 21 km (boucle).<\/em><\/p>\n\n\n\n<p><em>Th\u00e8me : Culture et patrimoine.<\/em><\/p>\n\n\n\n<p><strong>Tarif :<\/strong> gratuit.<\/p>\n\n\n\n<p><br><\/p>\n\n\n\n<h3 class=\"wp-block-heading\">Jeu de piste \u00e0 v\u00e9lo pour enfants : l&rsquo;aventure en famille<\/h3>\n\n\n\n<p>Pour les plus jeunes cyclistes, le <strong>Pays d&rsquo;Art et d&rsquo;Histoires Dombes Sa\u00f4ne Vall\u00e9e<\/strong> a cr\u00e9\u00e9 un jeu de piste \u00e0 bicyclette sp\u00e9cialement con\u00e7u pour les familles ! Cette boucle de <strong>10 km<\/strong> entre Tr\u00e9voux et Saint-Bernard emprunte principalement la <strong>Voie Bleue<\/strong> s\u00e9curis\u00e9e, avec quelques portions de petites routes dans le secteur de Saint-Bernard.<\/p>\n\n\n\n<p>Le principe est simple et ludique : \u00e0 chaque \u00e9tape, des <strong>\u00e9nigmes<\/strong> vous attendent pour trouver le <strong>mot myst\u00e8re<\/strong>. Des cadeaux sont \u00e0 gagner \u00e0 la fin du jeu de piste ! L&rsquo;itin\u00e9raire est quasi plat, avec des arr\u00eats r\u00e9guliers et la possibilit\u00e9 de s&rsquo;offrir une glace ou un rafra\u00eechissement au retour \u00e0 Tr\u00e9voux.<\/p>\n\n\n\n<p>Pour participer, rendez-vous \u00e0 l&rsquo;<strong>Office de Tourisme Ars Tr\u00e9voux<\/strong> (pendant les horaires d&rsquo;ouverture) afin de vous procurer le <strong>Livret-jeu<\/strong> \u00e0 la recherche du mot myst\u00e8re. Revenez-y ensuite pour r\u00e9cup\u00e9rer votre r\u00e9compense !<\/p>\n\n\n\n<p><strong>D\u00e9part :<\/strong> Office de Tourisme Ars Tr\u00e9voux, Place de la Grande Argue, 01600 Tr\u00e9voux.<br><strong>Distance :<\/strong> 10 km (boucle Tr\u00e9voux &gt; Saint-Bernard).<br><strong>Th\u00e8me :<\/strong> Jeu de piste familial.<br><strong>Tarif :<\/strong> gratuit.<br><strong>Disponibilit\u00e9 :<\/strong> toute l&rsquo;ann\u00e9e, tous les jours.<\/p>\n\n\n\n<h3 class=\"wp-block-heading section-title center decoration\">CycloDombes : une balade \u00e0 v\u00e9lo au c\u0153ur des \u00e9tangs<\/h3>\n\n\n\n<p>Envie de changer d&rsquo;horizon lors de votre s\u00e9jour en camping dans l&rsquo;Ain ? Direction la Dombes, ce territoire o\u00f9 la nature r\u00e8gne en ma\u00eetre absolu ! P\u00e9dalez au c\u0153ur d&rsquo;une mosa\u00efque d&rsquo;\u00e9tangs, entour\u00e9e d&rsquo;une biodiversit\u00e9 exceptionnelle qui fait la fiert\u00e9 de cette r\u00e9gion authentique.<\/p>\n\n\n\n<p><strong>Le parcours v\u00e9lo CycloDombes<\/strong> a \u00e9t\u00e9 sp\u00e9cialement con\u00e7u pour toute la famille. Ainsi, petits et grands profitent pleinement de cette aventure \u00e0 deux roues. Le circuit, majoritairement goudronn\u00e9, serpente \u00e0 travers :<\/p>\n\n\n\n<ul class=\"wp-block-list\">\n<li>Des paysages d&rsquo;\u00e9tangs \u00e0 perte de vue<\/li>\n\n\n\n<li>Des zones foresti\u00e8res rafra\u00eechissantes<\/li>\n\n\n\n<li>Des points d&rsquo;observation privil\u00e9gi\u00e9s pour les amoureux de la nature<\/li>\n<\/ul>\n\n\n\n<p><strong>Le clou du spectacle ? L&rsquo;\u00e9tang Turlet<\/strong> et son observatoire ornithologique am\u00e9nag\u00e9. C&rsquo;est l&rsquo;endroit r\u00eav\u00e9 pour faire une pause et sortir vos jumelles ! La richesse aviaire de la Dombes transforme chaque sortie v\u00e9lo en v\u00e9ritable safari nature. H\u00e9rons, canards sauvages, gr\u00e8bes&#8230; le spectacle est permanent.<\/p>\n\n\n\n<p>Parfaitement balis\u00e9, cet itin\u00e9raire v\u00e9lo dans l&rsquo;Ain vous garantit une immersion totale dans l&rsquo;\u00e2me de la Dombes. Si vous recherchez le calme, la s\u00e9r\u00e9nit\u00e9 et un contact authentique avec la nature pendant vos vacances en camping, cette balade cyclable coche toutes les cases.<\/p>\n\n\n\n<p><em>D\u00e9part : parking du Champ de Foire, Pl. du Champ de Foire, 01400 Ch\u00e2tillon-sur-Chalaronne, France, \u00e0 29 km de notre camping.<\/em><\/p>\n\n\n\n<p><em>Distance : 36 km (boucle).<\/em><\/p>\n\n\n\n<figure class=\"wp-block-image size-full\"><img decoding=\"async\" width=\"1024\" height=\"350\" src=\"https:\/\/www.kanopee-village.com\/wp-content\/uploads\/2025\/12\/location-de-velos-Ain.webp\" alt=\"location de v\u00e9los Ain\" class=\"wp-image-7469\" srcset=\"https:\/\/www.kanopee-village.com\/wp-content\/uploads\/2025\/12\/location-de-velos-Ain.webp 1024w, https:\/\/www.kanopee-village.com\/wp-content\/uploads\/2025\/12\/location-de-velos-Ain-300x103.webp 300w, https:\/\/www.kanopee-village.com\/wp-content\/uploads\/2025\/12\/location-de-velos-Ain-768x263.webp 768w, https:\/\/www.kanopee-village.com\/wp-content\/uploads\/2025\/12\/location-de-velos-Ain-100x34.webp 100w\" sizes=\"(max-width: 1024px) 100vw, 1024px\" \/><\/figure>\n\n\n\n<h2 class=\"wp-block-heading section-title center decoration\">Les prestataires de location de v\u00e9los \u00e0 proximit\u00e9<\/h2>\n\n\n\n<p>Si vous arrivez \u00e0 notre camping dans l\u2019Ain sans \u00e9quipement, vous avez des options de location de v\u00e9lo de qualit\u00e9 \u00e0 proximit\u00e9. Ces professionnels assurent que vous trouviez facilement le mat\u00e9riel adapt\u00e9 \u00e0 vos envies et que vous puissiez vous lancer sans perte de temps \u00e0 l&rsquo;assaut de <strong>l&rsquo;Ain \u00e0 v\u00e9lo<\/strong>.<\/p>\n\n\n\n<p><\/p>\n\n\n\n<h3 class=\"wp-block-heading\">La Roue Libre : le caf\u00e9-v\u00e9lo de Tr\u00e9voux<\/h3>\n\n\n\n<p>Id\u00e9alement situ\u00e9 \u00e0 Tr\u00e9voux, <strong>La Roue Libre<\/strong> est un caf\u00e9-v\u00e9lo convivial qui propose la location de v\u00e9los toute l&rsquo;ann\u00e9e. C&rsquo;est le point de d\u00e9part parfait pour emprunter La Voie Bleue, L&rsquo;Escampette ou les circuits Petites Histoires \u00e0 v\u00e9lo directement depuis Tr\u00e9voux. En plus de la location, vous pourrez profiter d&rsquo;une programmation de soir\u00e9es anim\u00e9es et d&rsquo;un cadre agr\u00e9able pour une pause avant ou apr\u00e8s votre balade.<\/p>\n\n\n\n<p><strong>Adresse :<\/strong> La Roue Libre, Tr\u00e9voux.<br><strong>T\u00e9l\u00e9phone :<\/strong> 07 52 05 38 81.<br><strong>V\u00e9los :<\/strong> v\u00e9los adultes, VAE, v\u00e9los enfants (casque inclus).<\/p>\n\n\n\n<p><strong>Tarifs (indicatifs) :<\/strong><\/p>\n\n\n\n<ul class=\"wp-block-list\">\n<li>V\u00e9lo adulte : demi-journ\u00e9e 10 \u20ac \/ journ\u00e9e 15 \u20ac<\/li>\n\n\n\n<li>V\u00e9lo \u00e0 assistance \u00e9lectrique : demi-journ\u00e9e 20 \u20ac \/ journ\u00e9e 30 \u20ac<\/li>\n\n\n\n<li>V\u00e9lo enfant (jusqu&rsquo;\u00e0 11 ans, casque inclus) : demi-journ\u00e9e 10 \u20ac \/ journ\u00e9e 15 \u20ac<\/li>\n<\/ul>\n\n\n\n<p><strong>Conditions :<\/strong> ch\u00e8que de caution et pi\u00e8ce d&rsquo;identit\u00e9 demand\u00e9s. Location possible \u00e0 la semaine.<\/p>\n\n\n\n<h3 class=\"wp-block-heading section-title center decoration\"><strong>Les Locations des Dombes : l\u2019option v\u00e9lo famille<\/strong><\/h3>\n\n\n\n<p>Ce loueur est id\u00e9alement situ\u00e9 \u00e0 <strong>Villars-les-Dombes<\/strong>, un excellent point de d\u00e9part pour d\u00e9couvrir les \u00e9tangs. Il est particuli\u00e8rement adapt\u00e9 aux besoins des familles en vacances.<\/p>\n\n\n\n<p>Leur offre inclut une large liste de v\u00e9los : <strong>VTT, VAE (v\u00e9lo \u00e9lectrique) et des v\u00e9los de balade musculaires.<\/strong> De plus, ils proposent des si\u00e8ges enfant. Leur accent sur l&rsquo;\u00e9quipement v\u00e9lo pour toute la famille en fait une adresse favorite pour une sortie r\u00e9ussie en Dombes.<\/p>\n\n\n\n<p><em>Adresse : Les Locations des Dombes, 220 chem. des Oures, 01330 Villars-les-Dombes, France, \u00e0 23 km de notre camping.<\/em><\/p>\n\n\n\n<p><em>Site officiel : leslocationsdesdombes.fr<\/em><\/p>\n\n\n\n<p><em>V\u00e9los : VAE, VTT, v\u00e9los de balade, si\u00e8ges enfants.<\/em><\/p>\n\n\n\n<p><em>Tarifs (indicatifs) : v\u00e9los musculaires pour 20 \u20ac\/jour et VAE pour 35 \u20ac\/jour.<\/em><\/p>\n\n\n\n<p><br><\/p>\n\n\n\n<h3 class=\"wp-block-heading section-title center decoration\">V\u00e9lo Via Dor\u00e9es : au d\u00e9part du Val d&rsquo;Oingt<\/h3>\n\n\n\n<p>Situ\u00e9 dans le Val d&rsquo;Oingt, ce prestataire propose des exp\u00e9riences et des balades en v\u00e9los en Beaujolais. Leurs offres sont articul\u00e9es autour <strong>de circuits VTT \u00e9lectriques et de balades en VTC \u00e9lectriques<\/strong>, accessibles \u00e0 tous pour d\u00e9couvrir les richesses naturelles de la r\u00e9gion. Leurs tarifs incluent <strong>la location du v\u00e9lo \u00e9lectrique et l&rsquo;itin\u00e9raire en guidage autonome<\/strong>. C&rsquo;est une excellente option si vos envies sont tourn\u00e9es vers des parcours plus sportifs ou vers les reliefs aux confins du d\u00e9partement.<\/p>\n\n\n\n<p><em>Adresse : V\u00e9lo Via Dor\u00e9es, Su Laurent, 5A imp. des Bouleaux, 69620 Val d&rsquo;Oingt, France, \u00e0 22 km de notre camping.<\/em><\/p>\n\n\n\n<p><em>Tarifs (indicatifs) : balade des 9 clochers (d\u00e8s 50\u20ac) \/ balade Grandeur Nature ( d\u00e8s 60\u20ac).<\/em><\/p>\n\n\n\n<p><em>Site officiel : veloviadorees.fr<\/em><\/p>\n\n\n\n<p><em>V\u00e9los : VTT, v\u00e9los de route, gravel.<\/em><\/p>\n\n\n\n<p>Voil\u00e0, vous avez d\u00e9sormais toutes les cl\u00e9s en main pour vivre une exp\u00e9rience v\u00e9lo inoubliable dans l&rsquo;Ain ! Chaque coup de p\u00e9dale r\u00e9v\u00e8le un nouveau visage de ce territoire authentique. La bonne nouvelle ? Pas besoin de vous encombrer lors de votre voyage ! Notre camping Kan\u00f4p\u00e9e Village propose un service de location de v\u00e9los directement sur place. Alors, qu&rsquo;attendez-vous pour r\u00e9server votre s\u00e9jour ? Votre aventure sur deux roues commence ici, \u00e0 Tr\u00e9voux. Enfourchez, p\u00e9dalez, vibrez : les plus beaux paysages de l&rsquo;Ain sont au bout du guidon !<\/p>\n","protected":false},"excerpt":{"rendered":"<p>Vous r\u00eavez d&rsquo;\u00e9vasion sur deux roues au c\u0153ur d&rsquo;une nature pr\u00e9serv\u00e9e ? L&rsquo;Ain d\u00e9ploie ses paysages verdoyants entre for\u00eats, rivi\u00e8res et patrimoine authentique. Cette destination id\u00e9ale pour les cyclistes se d\u00e9couvre depuis notre camping dans l\u2019Ain, Kan\u00f4p\u00e9e Village, votre camp de base parfait \u00e0 Tr\u00e9voux. Pr\u00eat \u00e0 enfourcher votre v\u00e9lo et \u00e0 d\u00e9couvrir l&rsquo;Ain \u00e0 [&hellip;]<\/p>\n","protected":false},"author":12,"featured_media":2114,"comment_status":"closed","ping_status":"closed","sticky":false,"template":"","format":"standard","meta":{"_acf_changed":false,"footnotes":""},"categories":[28],"tags":[],"class_list":["post-7444","post","type-post","status-publish","format-standard","has-post-thumbnail","hentry","category-tourisme-ain"],"acf":[],"yoast_head":"<!-- This site is optimized with the Yoast SEO plugin v25.3 - https:\/\/yoast.com\/wordpress\/plugins\/seo\/ -->\n<title>L&#039;Ain \u00e0 v\u00e9lo : Partir \u00e0 l&#039;assaut de La Voie Bleue et la Dombes<\/title>\n<meta name=\"description\" content=\"Venez explorer l&#039;Ain \u00e0 v\u00e9lo ! Notre camping \u00e0 Tr\u00e9voux est sur La Voie Bleue. Location sur place et circuits : Dombes patrimoine et \u00e9vasion nature.\" \/>\n<meta name=\"robots\" content=\"index, follow, max-snippet:-1, max-image-preview:large, max-video-preview:-1\" \/>\n<link rel=\"canonical\" href=\"https:\/\/www.kanopee-village.com\/fr\/tourisme-ain\/velo\/\" \/>\n<meta property=\"og:locale\" content=\"fr_FR\" \/>\n<meta property=\"og:type\" content=\"article\" \/>\n<meta property=\"og:title\" content=\"L&#039;Ain \u00e0 v\u00e9lo : Partir \u00e0 l&#039;assaut de La Voie Bleue et la Dombes\" \/>\n<meta property=\"og:description\" content=\"Venez explorer l&#039;Ain \u00e0 v\u00e9lo ! Notre camping \u00e0 Tr\u00e9voux est sur La Voie Bleue. Location sur place et circuits : Dombes patrimoine et \u00e9vasion nature.\" \/>\n<meta property=\"og:url\" content=\"https:\/\/www.kanopee-village.com\/fr\/tourisme-ain\/velo\/\" \/>\n<meta property=\"og:site_name\" content=\"Kanopee Village\" \/>\n<meta property=\"article:published_time\" content=\"2025-12-01T08:41:32+00:00\" \/>\n<meta property=\"article:modified_time\" content=\"2026-04-08T09:36:55+00:00\" \/>\n<meta property=\"og:image\" content=\"https:\/\/www.kanopee-village.com\/wp-content\/uploads\/2020\/01\/camping-velo-ain.jpg\" \/>\n\t<meta property=\"og:image:width\" content=\"600\" \/>\n\t<meta property=\"og:image:height\" content=\"400\" \/>\n\t<meta property=\"og:image:type\" content=\"image\/jpeg\" \/>\n<meta name=\"author\" content=\"jerome\" \/>\n<meta name=\"twitter:card\" content=\"summary_large_image\" \/>\n<meta name=\"twitter:label1\" content=\"\u00c9crit par\" \/>\n\t<meta name=\"twitter:data1\" content=\"jerome\" \/>\n\t<meta name=\"twitter:label2\" content=\"Dur\u00e9e de lecture estim\u00e9e\" \/>\n\t<meta name=\"twitter:data2\" content=\"11 minutes\" \/>\n<script type=\"application\/ld+json\" class=\"yoast-schema-graph\">{\"@context\":\"https:\/\/schema.org\",\"@graph\":[{\"@type\":\"WebPage\",\"@id\":\"https:\/\/www.kanopee-village.com\/fr\/tourisme-ain\/velo\/\",\"url\":\"https:\/\/www.kanopee-village.com\/fr\/tourisme-ain\/velo\/\",\"name\":\"L'Ain \u00e0 v\u00e9lo : Partir \u00e0 l'assaut de La Voie Bleue et la Dombes\",\"isPartOf\":{\"@id\":\"https:\/\/www.kanopee-village.com\/fr\/#website\"},\"primaryImageOfPage\":{\"@id\":\"https:\/\/www.kanopee-village.com\/fr\/tourisme-ain\/velo\/#primaryimage\"},\"image\":{\"@id\":\"https:\/\/www.kanopee-village.com\/fr\/tourisme-ain\/velo\/#primaryimage\"},\"thumbnailUrl\":\"https:\/\/www.kanopee-village.com\/wp-content\/uploads\/2020\/01\/camping-velo-ain.jpg\",\"datePublished\":\"2025-12-01T08:41:32+00:00\",\"dateModified\":\"2026-04-08T09:36:55+00:00\",\"author\":{\"@id\":\"https:\/\/www.kanopee-village.com\/fr\/#\/schema\/person\/426e990bed9656c971f2235fde7fc154\"},\"description\":\"Venez explorer l'Ain \u00e0 v\u00e9lo ! Notre camping \u00e0 Tr\u00e9voux est sur La Voie Bleue. Location sur place et circuits : Dombes patrimoine et \u00e9vasion nature.\",\"breadcrumb\":{\"@id\":\"https:\/\/www.kanopee-village.com\/fr\/tourisme-ain\/velo\/#breadcrumb\"},\"inLanguage\":\"fr-FR\",\"potentialAction\":[{\"@type\":\"ReadAction\",\"target\":[\"https:\/\/www.kanopee-village.com\/fr\/tourisme-ain\/velo\/\"]}]},{\"@type\":\"ImageObject\",\"inLanguage\":\"fr-FR\",\"@id\":\"https:\/\/www.kanopee-village.com\/fr\/tourisme-ain\/velo\/#primaryimage\",\"url\":\"https:\/\/www.kanopee-village.com\/wp-content\/uploads\/2020\/01\/camping-velo-ain.jpg\",\"contentUrl\":\"https:\/\/www.kanopee-village.com\/wp-content\/uploads\/2020\/01\/camping-velo-ain.jpg\",\"width\":600,\"height\":400,\"caption\":\"camping velo ain\"},{\"@type\":\"BreadcrumbList\",\"@id\":\"https:\/\/www.kanopee-village.com\/fr\/tourisme-ain\/velo\/#breadcrumb\",\"itemListElement\":[{\"@type\":\"ListItem\",\"position\":1,\"name\":\"Camping \u00e0 Tr\u00e9voux Ain\",\"item\":\"https:\/\/www.kanopee-village.com\/fr\/\"},{\"@type\":\"ListItem\",\"position\":2,\"name\":\"D\u00e9couvrir l'Ain\",\"item\":\"https:\/\/www.kanopee-village.com\/fr\/.\/tourisme-ain\/\"},{\"@type\":\"ListItem\",\"position\":3,\"name\":\"L'Ain \u00e0 v\u00e9lo\"}]},{\"@type\":\"WebSite\",\"@id\":\"https:\/\/www.kanopee-village.com\/fr\/#website\",\"url\":\"https:\/\/www.kanopee-village.com\/fr\/\",\"name\":\"Kanopee Village\",\"description\":\"\",\"inLanguage\":\"fr-FR\"},{\"@type\":\"Person\",\"@id\":\"https:\/\/www.kanopee-village.com\/fr\/#\/schema\/person\/426e990bed9656c971f2235fde7fc154\",\"name\":\"jerome\",\"image\":{\"@type\":\"ImageObject\",\"inLanguage\":\"fr-FR\",\"@id\":\"https:\/\/www.kanopee-village.com\/fr\/#\/schema\/person\/image\/\",\"url\":\"https:\/\/secure.gravatar.com\/avatar\/3191d165b22f0bd779c015bdc1c6053f?s=96&d=mm&r=g\",\"contentUrl\":\"https:\/\/secure.gravatar.com\/avatar\/3191d165b22f0bd779c015bdc1c6053f?s=96&d=mm&r=g\",\"caption\":\"jerome\"}}]}<\/script>\n<!-- \/ Yoast SEO plugin. -->","yoast_head_json":{"title":"L'Ain \u00e0 v\u00e9lo : Partir \u00e0 l'assaut de La Voie Bleue et la Dombes","description":"Venez explorer l'Ain \u00e0 v\u00e9lo ! Notre camping \u00e0 Tr\u00e9voux est sur La Voie Bleue. Location sur place et circuits : Dombes patrimoine et \u00e9vasion nature.","robots":{"index":"index","follow":"follow","max-snippet":"max-snippet:-1","max-image-preview":"max-image-preview:large","max-video-preview":"max-video-preview:-1"},"canonical":"https:\/\/www.kanopee-village.com\/fr\/tourisme-ain\/velo\/","og_locale":"fr_FR","og_type":"article","og_title":"L'Ain \u00e0 v\u00e9lo : Partir \u00e0 l'assaut de La Voie Bleue et la Dombes","og_description":"Venez explorer l'Ain \u00e0 v\u00e9lo ! Notre camping \u00e0 Tr\u00e9voux est sur La Voie Bleue. Location sur place et circuits : Dombes patrimoine et \u00e9vasion nature.","og_url":"https:\/\/www.kanopee-village.com\/fr\/tourisme-ain\/velo\/","og_site_name":"Kanopee Village","article_published_time":"2025-12-01T08:41:32+00:00","article_modified_time":"2026-04-08T09:36:55+00:00","og_image":[{"width":600,"height":400,"url":"https:\/\/www.kanopee-village.com\/wp-content\/uploads\/2020\/01\/camping-velo-ain.jpg","type":"image\/jpeg"}],"author":"jerome","twitter_card":"summary_large_image","twitter_misc":{"\u00c9crit par":"jerome","Dur\u00e9e de lecture estim\u00e9e":"11 minutes"},"schema":{"@context":"https:\/\/schema.org","@graph":[{"@type":"WebPage","@id":"https:\/\/www.kanopee-village.com\/fr\/tourisme-ain\/velo\/","url":"https:\/\/www.kanopee-village.com\/fr\/tourisme-ain\/velo\/","name":"L'Ain \u00e0 v\u00e9lo : Partir \u00e0 l'assaut de La Voie Bleue et la Dombes","isPartOf":{"@id":"https:\/\/www.kanopee-village.com\/fr\/#website"},"primaryImageOfPage":{"@id":"https:\/\/www.kanopee-village.com\/fr\/tourisme-ain\/velo\/#primaryimage"},"image":{"@id":"https:\/\/www.kanopee-village.com\/fr\/tourisme-ain\/velo\/#primaryimage"},"thumbnailUrl":"https:\/\/www.kanopee-village.com\/wp-content\/uploads\/2020\/01\/camping-velo-ain.jpg","datePublished":"2025-12-01T08:41:32+00:00","dateModified":"2026-04-08T09:36:55+00:00","author":{"@id":"https:\/\/www.kanopee-village.com\/fr\/#\/schema\/person\/426e990bed9656c971f2235fde7fc154"},"description":"Venez explorer l'Ain \u00e0 v\u00e9lo ! Notre camping \u00e0 Tr\u00e9voux est sur La Voie Bleue. Location sur place et circuits : Dombes patrimoine et \u00e9vasion nature.","breadcrumb":{"@id":"https:\/\/www.kanopee-village.com\/fr\/tourisme-ain\/velo\/#breadcrumb"},"inLanguage":"fr-FR","potentialAction":[{"@type":"ReadAction","target":["https:\/\/www.kanopee-village.com\/fr\/tourisme-ain\/velo\/"]}]},{"@type":"ImageObject","inLanguage":"fr-FR","@id":"https:\/\/www.kanopee-village.com\/fr\/tourisme-ain\/velo\/#primaryimage","url":"https:\/\/www.kanopee-village.com\/wp-content\/uploads\/2020\/01\/camping-velo-ain.jpg","contentUrl":"https:\/\/www.kanopee-village.com\/wp-content\/uploads\/2020\/01\/camping-velo-ain.jpg","width":600,"height":400,"caption":"camping velo ain"},{"@type":"BreadcrumbList","@id":"https:\/\/www.kanopee-village.com\/fr\/tourisme-ain\/velo\/#breadcrumb","itemListElement":[{"@type":"ListItem","position":1,"name":"Camping \u00e0 Tr\u00e9voux Ain","item":"https:\/\/www.kanopee-village.com\/fr\/"},{"@type":"ListItem","position":2,"name":"D\u00e9couvrir l'Ain","item":"https:\/\/www.kanopee-village.com\/fr\/.\/tourisme-ain\/"},{"@type":"ListItem","position":3,"name":"L'Ain \u00e0 v\u00e9lo"}]},{"@type":"WebSite","@id":"https:\/\/www.kanopee-village.com\/fr\/#website","url":"https:\/\/www.kanopee-village.com\/fr\/","name":"Kanopee Village","description":"","inLanguage":"fr-FR"},{"@type":"Person","@id":"https:\/\/www.kanopee-village.com\/fr\/#\/schema\/person\/426e990bed9656c971f2235fde7fc154","name":"jerome","image":{"@type":"ImageObject","inLanguage":"fr-FR","@id":"https:\/\/www.kanopee-village.com\/fr\/#\/schema\/person\/image\/","url":"https:\/\/secure.gravatar.com\/avatar\/3191d165b22f0bd779c015bdc1c6053f?s=96&d=mm&r=g","contentUrl":"https:\/\/secure.gravatar.com\/avatar\/3191d165b22f0bd779c015bdc1c6053f?s=96&d=mm&r=g","caption":"jerome"}}]}},"_links":{"self":[{"href":"https:\/\/www.kanopee-village.com\/fr\/wp-json\/wp\/v2\/posts\/7444"}],"collection":[{"href":"https:\/\/www.kanopee-village.com\/fr\/wp-json\/wp\/v2\/posts"}],"about":[{"href":"https:\/\/www.kanopee-village.com\/fr\/wp-json\/wp\/v2\/types\/post"}],"author":[{"embeddable":true,"href":"https:\/\/www.kanopee-village.com\/fr\/wp-json\/wp\/v2\/users\/12"}],"replies":[{"embeddable":true,"href":"https:\/\/www.kanopee-village.com\/fr\/wp-json\/wp\/v2\/comments?post=7444"}],"version-history":[{"count":17,"href":"https:\/\/www.kanopee-village.com\/fr\/wp-json\/wp\/v2\/posts\/7444\/revisions"}],"predecessor-version":[{"id":7743,"href":"https:\/\/www.kanopee-village.com\/fr\/wp-json\/wp\/v2\/posts\/7444\/revisions\/7743"}],"wp:featuredmedia":[{"embeddable":true,"href":"https:\/\/www.kanopee-village.com\/fr\/wp-json\/wp\/v2\/media\/2114"}],"wp:attachment":[{"href":"https:\/\/www.kanopee-village.com\/fr\/wp-json\/wp\/v2\/media?parent=7444"}],"wp:term":[{"taxonomy":"category","embeddable":true,"href":"https:\/\/www.kanopee-village.com\/fr\/wp-json\/wp\/v2\/categories?post=7444"},{"taxonomy":"post_tag","embeddable":true,"href":"https:\/\/www.kanopee-village.com\/fr\/wp-json\/wp\/v2\/tags?post=7444"}],"curies":[{"name":"wp","href":"https:\/\/api.w.org\/{rel}","templated":true}]}}